{"id":1524,"date":"2022-07-06T10:45:37","date_gmt":"2022-07-06T08:45:37","guid":{"rendered":"http:\/\/hautes-alpes-rugby.fr\/?p=1524"},"modified":"2022-07-11T17:47:51","modified_gmt":"2022-07-11T15:47:51","slug":"la-commission-ecolovale-de-la-ligue","status":"publish","type":"post","link":"https:\/\/hautes-alpes-rugby.fr\/?p=1524","title":{"rendered":"La Commission Ecol&rsquo;Ovale de la Ligue &#8230;"},"content":{"rendered":"\n<h2 class=\"wp-block-heading\">fait le Bilan 2021-2022 des actions men\u00e9es.<\/h2>\n\n\n\n<figure class=\"wp-block-image size-full\"><img loading=\"lazy\" decoding=\"async\" width=\"796\" height=\"396\" src=\"https:\/\/hautes-alpes-rugby.fr\/wp-content\/uploads\/2022\/07\/Bilan_commission.jpg\" alt=\"\" class=\"wp-image-1526\" srcset=\"https:\/\/hautes-alpes-rugby.fr\/wp-content\/uploads\/2022\/07\/Bilan_commission.jpg 796w, https:\/\/hautes-alpes-rugby.fr\/wp-content\/uploads\/2022\/07\/Bilan_commission-300x149.jpg 300w, https:\/\/hautes-alpes-rugby.fr\/wp-content\/uploads\/2022\/07\/Bilan_commission-768x382.jpg 768w\" sizes=\"auto, (max-width: 796px) 100vw, 796px\" \/><figcaption>La premi\u00e8re diapositive s&rsquo;appuie sur les chiffres pour pr\u00e9ciser le volume des actions<\/figcaption><\/figure>\n\n\n\n<p><strong>L&rsquo;int\u00e9gralit\u00e9 du compte-rendu<\/strong> : <a rel=\"noreferrer noopener\" href=\"https:\/\/we.tl\/t-6luUDEQNHI\" target=\"_blank\">https:\/\/we.tl\/t-6luUDEQNHI<\/a><\/p>\n\n\n\n<p><strong>Quelques id\u00e9es<\/strong> sont avanc\u00e9es pour la prochaine saison : <\/p>\n\n\n\n<p>-La <strong>formation<\/strong> des intervenants \u00ab\u00a0scolaires\u00a0\u00bb des clubs. Celle des enseignants pourraient \u00eatre int\u00e9gr\u00e9es aux journ\u00e9es de regroupement.<\/p>\n\n\n\n<p>-Mise \u00e0 disposition de \u00ab\u00a0<strong>Goodies<\/strong>\u00a0\u00bb par la Ligue pour ces journ\u00e9es. <\/p>\n\n\n\n<p>-Organisation des \u00ab\u00a0<strong>Assises du Rugby Scolaire<\/strong>\u00a0\u00bb au moment de la Coupe du Monde.<\/p>\n\n\n\n<p>-Application syst\u00e9matique des <strong>30 minutes d&rsquo;APQ<\/strong> et positionnement du Rugby.<\/p>\n\n\n\n<p>Lors du \u00ab\u00a0TOUR de TABLE\u00a0\u00bb des 3 d\u00e9partements repr\u00e9sent\u00e9s (05-83-84), deux ont pu faire \u00e9tat de projet d&rsquo;actions <strong>Coupe du Monde 2023<\/strong>. Pour les Hautes Alpes, l&rsquo;absence de concertation au sein de la commission d\u00e9partementale n&rsquo;a pas pu permettre d&rsquo;exposer quoi que ce soit sur ce th\u00e8me. En ce qui concerne les  conventions avec l&rsquo;Education Nationale, le Vaucluse a choisi de d\u00e9cliner directement la leur de la convention nationale et de s&rsquo;adresser \u00e0 tous les acteurs scolaires. Elle sera transmise aux autres d\u00e9partements en annexe du compte-rendu de cette r\u00e9union avec les autres th\u00e8mes \u00e9voqu\u00e9s : Train du Rugby, \u00ab\u00a0Culture en m\u00e9l\u00e9es\u00a0\u00bb, Coupon \u00ab\u00a0G\u00e9n\u00e9ration 2024, etc&#8230;<\/p>\n\n\n\n<p>Il devient imp\u00e9ratif que notre Commission \u00ab\u00a0Ecol&rsquo;Ovale\u00a0\u00bb 05 reprenne vie pour \u00ab\u00a0prendre le train en route\u00a0\u00bb.<\/p>\n\n\n\n<p>Pour information : <a href=\"https:\/\/hautes-alpes-rugby.fr\/?p=1350\">Assembl\u00e9e G\u00e9n\u00e9rale Ordinaire 2021 <\/a> pr\u00e9sentait un avant projet d&rsquo;action qui devait \u00eatre discut\u00e9 dans le cadre de la Commission D\u00e9partementale. <\/p>\n","protected":false},"excerpt":{"rendered":"<p>fait le Bilan 2021-2022 des actions men\u00e9es. L&rsquo;int\u00e9gralit\u00e9 du compte-rendu : https:\/\/we.tl\/t-6luUDEQNHI Quelques id\u00e9es sont avanc\u00e9es pour la prochaine saison : -La formation des intervenants \u00ab\u00a0scolaires\u00a0\u00bb des clubs. Celle des enseignants pourraient \u00eatre int\u00e9gr\u00e9es aux journ\u00e9es de regroupement. -Mise \u00e0 disposition de \u00ab\u00a0Goodies\u00a0\u00bb par la Ligue pour ces journ\u00e9es. -Organisation des \u00ab\u00a0Assises du Rugby Scolaire\u00a0\u00bb &hellip; <a href=\"https:\/\/hautes-alpes-rugby.fr\/?p=1524\" class=\"more-link\">Continuer la lecture de <span class=\"screen-reader-text\">La Commission Ecol&rsquo;Ovale de la Ligue &#8230;<\/span><\/a><\/p>\n","protected":false},"author":1,"featured_media":1525,"comment_status":"open","ping_status":"closed","sticky":false,"template":"","format":"standard","meta":{"footnotes":""},"categories":[5],"tags":[],"class_list":["post-1524","post","type-post","status-publish","format-standard","has-post-thumbnail","hentry","category-politique-scolaire"],"_links":{"self":[{"href":"https:\/\/hautes-alpes-rugby.fr\/index.php?rest_route=\/wp\/v2\/posts\/1524","targetHints":{"allow":["GET"]}}],"collection":[{"href":"https:\/\/hautes-alpes-rugby.fr\/index.php?rest_route=\/wp\/v2\/posts"}],"about":[{"href":"https:\/\/hautes-alpes-rugby.fr\/index.php?rest_route=\/wp\/v2\/types\/post"}],"author":[{"embeddable":true,"href":"https:\/\/hautes-alpes-rugby.fr\/index.php?rest_route=\/wp\/v2\/users\/1"}],"replies":[{"embeddable":true,"href":"https:\/\/hautes-alpes-rugby.fr\/index.php?rest_route=%2Fwp%2Fv2%2Fcomments&post=1524"}],"version-history":[{"count":4,"href":"https:\/\/hautes-alpes-rugby.fr\/index.php?rest_route=\/wp\/v2\/posts\/1524\/revisions"}],"predecessor-version":[{"id":1534,"href":"https:\/\/hautes-alpes-rugby.fr\/index.php?rest_route=\/wp\/v2\/posts\/1524\/revisions\/1534"}],"wp:featuredmedia":[{"embeddable":true,"href":"https:\/\/hautes-alpes-rugby.fr\/index.php?rest_route=\/wp\/v2\/media\/1525"}],"wp:attachment":[{"href":"https:\/\/hautes-alpes-rugby.fr\/index.php?rest_route=%2Fwp%2Fv2%2Fmedia&parent=1524"}],"wp:term":[{"taxonomy":"category","embeddable":true,"href":"https:\/\/hautes-alpes-rugby.fr\/index.php?rest_route=%2Fwp%2Fv2%2Fcategories&post=1524"},{"taxonomy":"post_tag","embeddable":true,"href":"https:\/\/hautes-alpes-rugby.fr\/index.php?rest_route=%2Fwp%2Fv2%2Ftags&post=1524"}],"curies":[{"name":"wp","href":"https:\/\/api.w.org\/{rel}","templated":true}]}}