{"id":2267,"date":"2025-12-10T16:33:26","date_gmt":"2025-12-10T15:33:26","guid":{"rendered":"https:\/\/hautes-alpes-rugby.fr\/?p=2267"},"modified":"2025-12-12T10:06:28","modified_gmt":"2025-12-12T09:06:28","slug":"le-rugby-haut-alpin-etaye-ses-piliers","status":"publish","type":"post","link":"https:\/\/hautes-alpes-rugby.fr\/?p=2267","title":{"rendered":"Le Rugby haut alpin \u00e9taye ses piliers &#8230;"},"content":{"rendered":"\n<h2 class=\"wp-block-heading\">en pr\u00e9sence du nouveau Conseiller Technique de Ligue.<\/h2>\n\n\n\n<figure class=\"wp-block-image size-large\"><img loading=\"lazy\" decoding=\"async\" width=\"1024\" height=\"679\" src=\"https:\/\/hautes-alpes-rugby.fr\/wp-content\/uploads\/2025\/12\/CTL-1024x679.jpg\" alt=\"\" class=\"wp-image-2269\" srcset=\"https:\/\/hautes-alpes-rugby.fr\/wp-content\/uploads\/2025\/12\/CTL-1024x679.jpg 1024w, https:\/\/hautes-alpes-rugby.fr\/wp-content\/uploads\/2025\/12\/CTL-300x199.jpg 300w, https:\/\/hautes-alpes-rugby.fr\/wp-content\/uploads\/2025\/12\/CTL-768x509.jpg 768w, https:\/\/hautes-alpes-rugby.fr\/wp-content\/uploads\/2025\/12\/CTL.jpg 1171w\" sizes=\"auto, (max-width: 1024px) 100vw, 1024px\" \/><figcaption class=\"wp-element-caption\"><strong><em>Micha\u00ebl BOUGNAS<\/em><\/strong> avait demand\u00e9 de r\u00e9fl\u00e9chir, en amont de la r\u00e9union, sur les <strong>points FORTS<\/strong> et les <strong>points<\/strong> <strong>FAIBLES<\/strong> des <strong>piliers<\/strong> suivants  :&nbsp;<br><strong>L&rsquo;accompagnement des clubs du CD05<\/strong><br><strong>les \u00e9coles de rugby<\/strong><br><strong>les s\u00e9lections<\/strong><br><strong>le scolaire<\/strong><\/figcaption><\/figure>\n\n\n\n<figure class=\"wp-block-image size-large\"><img loading=\"lazy\" decoding=\"async\" width=\"1024\" height=\"601\" src=\"https:\/\/hautes-alpes-rugby.fr\/wp-content\/uploads\/2025\/12\/POD-1024x601.jpg\" alt=\"\" class=\"wp-image-2270\" srcset=\"https:\/\/hautes-alpes-rugby.fr\/wp-content\/uploads\/2025\/12\/POD-1024x601.jpg 1024w, https:\/\/hautes-alpes-rugby.fr\/wp-content\/uploads\/2025\/12\/POD-300x176.jpg 300w, https:\/\/hautes-alpes-rugby.fr\/wp-content\/uploads\/2025\/12\/POD-768x451.jpg 768w, https:\/\/hautes-alpes-rugby.fr\/wp-content\/uploads\/2025\/12\/POD.jpg 1073w\" sizes=\"auto, (max-width: 1024px) 100vw, 1024px\" \/><figcaption class=\"wp-element-caption\">Il avait propos\u00e9 l&rsquo;outil pour mener \u00e0 bien ce travail collectif sugg\u00e9r\u00e9 pr\u00e9alablement par <strong><em>Pascal ELIAS<\/em><\/strong>, pr\u00e9sident du CD 05 qui avait distribu\u00e9 les r\u00f4les lors de la r\u00e9union pr\u00e9c\u00e9dente.<\/figcaption><\/figure>\n\n\n\n<figure class=\"wp-block-image size-large\"><img loading=\"lazy\" decoding=\"async\" width=\"1024\" height=\"547\" src=\"https:\/\/hautes-alpes-rugby.fr\/wp-content\/uploads\/2025\/12\/table_1-1024x547.jpg\" alt=\"\" class=\"wp-image-2271\" srcset=\"https:\/\/hautes-alpes-rugby.fr\/wp-content\/uploads\/2025\/12\/table_1-1024x547.jpg 1024w, https:\/\/hautes-alpes-rugby.fr\/wp-content\/uploads\/2025\/12\/table_1-300x160.jpg 300w, https:\/\/hautes-alpes-rugby.fr\/wp-content\/uploads\/2025\/12\/table_1-768x411.jpg 768w, https:\/\/hautes-alpes-rugby.fr\/wp-content\/uploads\/2025\/12\/table_1.jpg 1328w\" sizes=\"auto, (max-width: 1024px) 100vw, 1024px\" \/><figcaption class=\"wp-element-caption\">Chacun \u00e0 son tour quatre membres du comit\u00e9 ont pu exposer le fruit de leur travail sous le contr\u00f4le bienveillant des cadres f\u00e9d\u00e9raux.<\/figcaption><\/figure>\n\n\n\n<p>Bient\u00f4t, ici, le produit fini qui guidera le comit\u00e9 jusqu&rsquo;en 2029.<\/p>\n","protected":false},"excerpt":{"rendered":"<p>en pr\u00e9sence du nouveau Conseiller Technique de Ligue. Bient\u00f4t, ici, le produit fini qui guidera le comit\u00e9 jusqu&rsquo;en 2029.<\/p>\n","protected":false},"author":1,"featured_media":2268,"comment_status":"open","ping_status":"","sticky":false,"template":"","format":"standard","meta":{"footnotes":""},"categories":[4,7,6],"tags":[],"class_list":["post-2267","post","type-post","status-publish","format-standard","has-post-thumbnail","hentry","category-evenementiel","category-info-ffr-ligue","category-vie-statutaire"],"_links":{"self":[{"href":"https:\/\/hautes-alpes-rugby.fr\/index.php?rest_route=\/wp\/v2\/posts\/2267","targetHints":{"allow":["GET"]}}],"collection":[{"href":"https:\/\/hautes-alpes-rugby.fr\/index.php?rest_route=\/wp\/v2\/posts"}],"about":[{"href":"https:\/\/hautes-alpes-rugby.fr\/index.php?rest_route=\/wp\/v2\/types\/post"}],"author":[{"embeddable":true,"href":"https:\/\/hautes-alpes-rugby.fr\/index.php?rest_route=\/wp\/v2\/users\/1"}],"replies":[{"embeddable":true,"href":"https:\/\/hautes-alpes-rugby.fr\/index.php?rest_route=%2Fwp%2Fv2%2Fcomments&post=2267"}],"version-history":[{"count":4,"href":"https:\/\/hautes-alpes-rugby.fr\/index.php?rest_route=\/wp\/v2\/posts\/2267\/revisions"}],"predecessor-version":[{"id":2275,"href":"https:\/\/hautes-alpes-rugby.fr\/index.php?rest_route=\/wp\/v2\/posts\/2267\/revisions\/2275"}],"wp:featuredmedia":[{"embeddable":true,"href":"https:\/\/hautes-alpes-rugby.fr\/index.php?rest_route=\/wp\/v2\/media\/2268"}],"wp:attachment":[{"href":"https:\/\/hautes-alpes-rugby.fr\/index.php?rest_route=%2Fwp%2Fv2%2Fmedia&parent=2267"}],"wp:term":[{"taxonomy":"category","embeddable":true,"href":"https:\/\/hautes-alpes-rugby.fr\/index.php?rest_route=%2Fwp%2Fv2%2Fcategories&post=2267"},{"taxonomy":"post_tag","embeddable":true,"href":"https:\/\/hautes-alpes-rugby.fr\/index.php?rest_route=%2Fwp%2Fv2%2Ftags&post=2267"}],"curies":[{"name":"wp","href":"https:\/\/api.w.org\/{rel}","templated":true}]}}