{"id":2328,"date":"2026-03-15T17:36:31","date_gmt":"2026-03-15T16:36:31","guid":{"rendered":"https:\/\/hautes-alpes-rugby.fr\/?p=2328"},"modified":"2026-03-15T17:38:57","modified_gmt":"2026-03-15T16:38:57","slug":"les-u13-en-vacances-studieuses","status":"publish","type":"post","link":"https:\/\/hautes-alpes-rugby.fr\/?p=2328","title":{"rendered":"Les U13 en vacances studieuses &#8230;"},"content":{"rendered":"\n<h2 class=\"wp-block-heading\">\u00e0 Sainte Tulle !<\/h2>\n\n\n\n<p>Le stage de fin de s\u00e9lection s\u2019est achev\u00e9 le Mercredi 25 f\u00e9vrier en fin de journ\u00e9e. Les organisateur du CD 04 tiennent \u00e0 remercier les enfants des deux d\u00e9partements alpins pour leur engagement et leur attitude tout au long de ce rassemblement.<\/p>\n\n\n\n<p>Ont \u00e9t\u00e9 appr\u00e9ci\u00e9s le comportement positif des jeunes, leur implication, leur esprit d\u2019\u00e9quipe, leur respect des encadrants et des autres joueurs ce qui a pleinement contribu\u00e9 \u00e0 la r\u00e9ussite de ce stage. Ils ont port\u00e9 fi\u00e8rement les valeurs de notre Rugby. Nous esp\u00e9rons que cette exp\u00e9rience aura \u00e9t\u00e9 enrichissante, tant sur le plan sportif qu\u2019humain.<\/p>\n\n\n<div class=\"wp-block-image\">\n<figure class=\"alignleft size-large\"><img loading=\"lazy\" decoding=\"async\" width=\"1024\" height=\"565\" src=\"https:\/\/hautes-alpes-rugby.fr\/wp-content\/uploads\/2026\/03\/Action-1024x565.jpg\" alt=\"\" class=\"wp-image-2330\" srcset=\"https:\/\/hautes-alpes-rugby.fr\/wp-content\/uploads\/2026\/03\/Action-1024x565.jpg 1024w, https:\/\/hautes-alpes-rugby.fr\/wp-content\/uploads\/2026\/03\/Action-300x166.jpg 300w, https:\/\/hautes-alpes-rugby.fr\/wp-content\/uploads\/2026\/03\/Action-768x424.jpg 768w, https:\/\/hautes-alpes-rugby.fr\/wp-content\/uploads\/2026\/03\/Action-1536x848.jpg 1536w, https:\/\/hautes-alpes-rugby.fr\/wp-content\/uploads\/2026\/03\/Action-2048x1131.jpg 2048w\" sizes=\"auto, (max-width: 1024px) 100vw, 1024px\" \/><\/figure>\n<\/div>\n\n<div class=\"wp-block-image\">\n<figure class=\"alignright size-large\"><img loading=\"lazy\" decoding=\"async\" width=\"1024\" height=\"531\" src=\"https:\/\/hautes-alpes-rugby.fr\/wp-content\/uploads\/2026\/03\/Melee-1024x531.jpg\" alt=\"\" class=\"wp-image-2331\" srcset=\"https:\/\/hautes-alpes-rugby.fr\/wp-content\/uploads\/2026\/03\/Melee-1024x531.jpg 1024w, https:\/\/hautes-alpes-rugby.fr\/wp-content\/uploads\/2026\/03\/Melee-300x156.jpg 300w, https:\/\/hautes-alpes-rugby.fr\/wp-content\/uploads\/2026\/03\/Melee-768x399.jpg 768w, https:\/\/hautes-alpes-rugby.fr\/wp-content\/uploads\/2026\/03\/Melee-1536x797.jpg 1536w, https:\/\/hautes-alpes-rugby.fr\/wp-content\/uploads\/2026\/03\/Melee-2048x1063.jpg 2048w\" sizes=\"auto, (max-width: 1024px) 100vw, 1024px\" \/><\/figure>\n<\/div>\n\n<div class=\"wp-block-image\">\n<figure class=\"alignleft size-large\"><img loading=\"lazy\" decoding=\"async\" width=\"1024\" height=\"616\" src=\"https:\/\/hautes-alpes-rugby.fr\/wp-content\/uploads\/2026\/03\/Touche-1024x616.jpg\" alt=\"\" class=\"wp-image-2332\" srcset=\"https:\/\/hautes-alpes-rugby.fr\/wp-content\/uploads\/2026\/03\/Touche-1024x616.jpg 1024w, https:\/\/hautes-alpes-rugby.fr\/wp-content\/uploads\/2026\/03\/Touche-300x180.jpg 300w, https:\/\/hautes-alpes-rugby.fr\/wp-content\/uploads\/2026\/03\/Touche-768x462.jpg 768w, https:\/\/hautes-alpes-rugby.fr\/wp-content\/uploads\/2026\/03\/Touche-1536x923.jpg 1536w, https:\/\/hautes-alpes-rugby.fr\/wp-content\/uploads\/2026\/03\/Touche.jpg 1941w\" sizes=\"auto, (max-width: 1024px) 100vw, 1024px\" \/><\/figure>\n<\/div>\n\n<div class=\"wp-block-image\">\n<figure class=\"alignright size-large\"><img loading=\"lazy\" decoding=\"async\" width=\"1024\" height=\"657\" src=\"https:\/\/hautes-alpes-rugby.fr\/wp-content\/uploads\/2026\/03\/filles-1024x657.jpg\" alt=\"\" class=\"wp-image-2333\" srcset=\"https:\/\/hautes-alpes-rugby.fr\/wp-content\/uploads\/2026\/03\/filles-1024x657.jpg 1024w, https:\/\/hautes-alpes-rugby.fr\/wp-content\/uploads\/2026\/03\/filles-300x192.jpg 300w, https:\/\/hautes-alpes-rugby.fr\/wp-content\/uploads\/2026\/03\/filles-768x493.jpg 768w, https:\/\/hautes-alpes-rugby.fr\/wp-content\/uploads\/2026\/03\/filles-1536x986.jpg 1536w, https:\/\/hautes-alpes-rugby.fr\/wp-content\/uploads\/2026\/03\/filles-2048x1314.jpg 2048w\" sizes=\"auto, (max-width: 1024px) 100vw, 1024px\" \/><\/figure>\n<\/div>","protected":false},"excerpt":{"rendered":"<p>\u00e0 Sainte Tulle ! Le stage de fin de s\u00e9lection s\u2019est achev\u00e9 le Mercredi 25 f\u00e9vrier en fin de journ\u00e9e. Les organisateur du CD 04 tiennent \u00e0 remercier les enfants des deux d\u00e9partements alpins pour leur engagement et leur attitude tout au long de ce rassemblement. Ont \u00e9t\u00e9 appr\u00e9ci\u00e9s le comportement positif des jeunes, leur &hellip; <a href=\"https:\/\/hautes-alpes-rugby.fr\/?p=2328\" class=\"more-link\">Continuer la lecture de <span class=\"screen-reader-text\">Les U13 en vacances studieuses &#8230;<\/span><\/a><\/p>\n","protected":false},"author":1,"featured_media":2329,"comment_status":"open","ping_status":"","sticky":false,"template":"","format":"standard","meta":{"footnotes":""},"categories":[4,7,6],"tags":[],"class_list":["post-2328","post","type-post","status-publish","format-standard","has-post-thumbnail","hentry","category-evenementiel","category-info-ffr-ligue","category-vie-statutaire"],"_links":{"self":[{"href":"https:\/\/hautes-alpes-rugby.fr\/index.php?rest_route=\/wp\/v2\/posts\/2328","targetHints":{"allow":["GET"]}}],"collection":[{"href":"https:\/\/hautes-alpes-rugby.fr\/index.php?rest_route=\/wp\/v2\/posts"}],"about":[{"href":"https:\/\/hautes-alpes-rugby.fr\/index.php?rest_route=\/wp\/v2\/types\/post"}],"author":[{"embeddable":true,"href":"https:\/\/hautes-alpes-rugby.fr\/index.php?rest_route=\/wp\/v2\/users\/1"}],"replies":[{"embeddable":true,"href":"https:\/\/hautes-alpes-rugby.fr\/index.php?rest_route=%2Fwp%2Fv2%2Fcomments&post=2328"}],"version-history":[{"count":3,"href":"https:\/\/hautes-alpes-rugby.fr\/index.php?rest_route=\/wp\/v2\/posts\/2328\/revisions"}],"predecessor-version":[{"id":2336,"href":"https:\/\/hautes-alpes-rugby.fr\/index.php?rest_route=\/wp\/v2\/posts\/2328\/revisions\/2336"}],"wp:featuredmedia":[{"embeddable":true,"href":"https:\/\/hautes-alpes-rugby.fr\/index.php?rest_route=\/wp\/v2\/media\/2329"}],"wp:attachment":[{"href":"https:\/\/hautes-alpes-rugby.fr\/index.php?rest_route=%2Fwp%2Fv2%2Fmedia&parent=2328"}],"wp:term":[{"taxonomy":"category","embeddable":true,"href":"https:\/\/hautes-alpes-rugby.fr\/index.php?rest_route=%2Fwp%2Fv2%2Fcategories&post=2328"},{"taxonomy":"post_tag","embeddable":true,"href":"https:\/\/hautes-alpes-rugby.fr\/index.php?rest_route=%2Fwp%2Fv2%2Ftags&post=2328"}],"curies":[{"name":"wp","href":"https:\/\/api.w.org\/{rel}","templated":true}]}}