{"id":2337,"date":"2026-03-18T10:43:54","date_gmt":"2026-03-18T09:43:54","guid":{"rendered":"https:\/\/hautes-alpes-rugby.fr\/?p=2337"},"modified":"2026-04-10T18:11:18","modified_gmt":"2026-04-10T16:11:18","slug":"le-comite-peaufine-son-pod","status":"publish","type":"post","link":"https:\/\/hautes-alpes-rugby.fr\/?p=2337","title":{"rendered":"Le Comit\u00e9 peaufine son POD &#8230;"},"content":{"rendered":"\n<h2 class=\"wp-block-heading\">avec les Conseillers Techniques de la Ligue.<\/h2>\n\n\n<div class=\"wp-block-image\">\n<figure class=\"alignleft size-large\"><img loading=\"lazy\" decoding=\"async\" width=\"1024\" height=\"668\" src=\"https:\/\/hautes-alpes-rugby.fr\/wp-content\/uploads\/2026\/03\/Briancon-1024x668.jpg\" alt=\"\" class=\"wp-image-2339\" srcset=\"https:\/\/hautes-alpes-rugby.fr\/wp-content\/uploads\/2026\/03\/Briancon-1024x668.jpg 1024w, https:\/\/hautes-alpes-rugby.fr\/wp-content\/uploads\/2026\/03\/Briancon-300x196.jpg 300w, https:\/\/hautes-alpes-rugby.fr\/wp-content\/uploads\/2026\/03\/Briancon-768x501.jpg 768w, https:\/\/hautes-alpes-rugby.fr\/wp-content\/uploads\/2026\/03\/Briancon.jpg 1245w\" sizes=\"auto, (max-width: 1024px) 100vw, 1024px\" \/><figcaption class=\"wp-element-caption\">Pour le secteur brian\u00e7onnais, les piliers \u00ab\u00a0<strong>S\u00e9lections<\/strong>\u00a0\u00bb et \u00ab\u00a0<strong>F\u00e9minisation<\/strong>\u00a0\u00bb sont mis en avant avec en points forts, les  <strong>U13<\/strong> et les <strong>F15<\/strong>.<\/figcaption><\/figure>\n<\/div>\n\n<div class=\"wp-block-image\">\n<figure class=\"alignright size-large\"><img loading=\"lazy\" decoding=\"async\" width=\"1024\" height=\"768\" src=\"https:\/\/hautes-alpes-rugby.fr\/wp-content\/uploads\/2026\/03\/IMG_9061-1024x768.jpg\" alt=\"\" class=\"wp-image-2340\" srcset=\"https:\/\/hautes-alpes-rugby.fr\/wp-content\/uploads\/2026\/03\/IMG_9061-1024x768.jpg 1024w, https:\/\/hautes-alpes-rugby.fr\/wp-content\/uploads\/2026\/03\/IMG_9061-300x225.jpg 300w, https:\/\/hautes-alpes-rugby.fr\/wp-content\/uploads\/2026\/03\/IMG_9061-768x576.jpg 768w, https:\/\/hautes-alpes-rugby.fr\/wp-content\/uploads\/2026\/03\/IMG_9061-1536x1152.jpg 1536w, https:\/\/hautes-alpes-rugby.fr\/wp-content\/uploads\/2026\/03\/IMG_9061-2048x1536.jpg 2048w\" sizes=\"auto, (max-width: 1024px) 100vw, 1024px\" \/><figcaption class=\"wp-element-caption\">Le secteur Embrunais porte son attention sur la r\u00e9daction du pilier \u00ab\u00a0<strong>Scolaire<\/strong>\u00a0\u00bb soutenu par les arguments de <strong>Micka\u00ebl BOUGNAS<\/strong> et <strong>Alexis RIVAUX<\/strong> appuy\u00e9s par ceux du r\u00e9f\u00e9rent \u00ab\u00a0Ecol&rsquo;Ovale\u00a0\u00bb qui profite de l&rsquo;occasion pour faire valider les deux actions men\u00e9es r\u00e9cemment : les \u00ab\u00a0<strong>SOMMETS DU SPORT<\/strong>\u00a0\u00bb et \u00ab\u00a0<strong>30 minutes APQ<\/strong>\u00a0\u00bb dans les \u00e9coles du d\u00e9partement qui pourraient se r\u00e9v\u00e9ler strat\u00e9giques pour cr\u00e9er une dynamique de<strong> formation des<\/strong> <strong>enseignants<\/strong> dans tous les secteurs g\u00e9ographiques du 05.<\/figcaption><\/figure>\n<\/div>\n\n<div class=\"wp-block-image\">\n<figure class=\"alignleft size-large\"><img loading=\"lazy\" decoding=\"async\" width=\"1024\" height=\"660\" src=\"https:\/\/hautes-alpes-rugby.fr\/wp-content\/uploads\/2026\/03\/convivialite-1024x660.jpg\" alt=\"\" class=\"wp-image-2341\" srcset=\"https:\/\/hautes-alpes-rugby.fr\/wp-content\/uploads\/2026\/03\/convivialite-1024x660.jpg 1024w, https:\/\/hautes-alpes-rugby.fr\/wp-content\/uploads\/2026\/03\/convivialite-300x193.jpg 300w, https:\/\/hautes-alpes-rugby.fr\/wp-content\/uploads\/2026\/03\/convivialite-768x495.jpg 768w, https:\/\/hautes-alpes-rugby.fr\/wp-content\/uploads\/2026\/03\/convivialite.jpg 1368w\" sizes=\"auto, (max-width: 1024px) 100vw, 1024px\" \/><figcaption class=\"wp-element-caption\">Avant de passer au temps convivial habituel, le <strong>pilier \u00ab\u00a0EDR\u00a0\u00bb<\/strong> a permis de mettre en place un dispositif de mise en valeur de l&rsquo;action des \u00e9ducateurs avec dotation mat\u00e9rielle. L&rsquo;Assembl\u00e9e G\u00e9n\u00e9rale qui se tiendra \u00e0 <strong>Brian\u00e7on<\/strong> le <strong>12 juin<\/strong> en sera le th\u00e9\u00e2tre pour un premier acte.<\/figcaption><\/figure>\n<\/div>\n\n\n<p><strong>Le produit fini :<\/strong> Sous r\u00e9serve de validation par la Ligue.<\/p>\n","protected":false},"excerpt":{"rendered":"<p>avec les Conseillers Techniques de la Ligue. Le produit fini : Sous r\u00e9serve de validation par la Ligue.<\/p>\n","protected":false},"author":1,"featured_media":2338,"comment_status":"open","ping_status":"","sticky":false,"template":"","format":"standard","meta":{"footnotes":""},"categories":[7,5,6],"tags":[],"class_list":["post-2337","post","type-post","status-publish","format-standard","has-post-thumbnail","hentry","category-info-ffr-ligue","category-politique-scolaire","category-vie-statutaire"],"_links":{"self":[{"href":"https:\/\/hautes-alpes-rugby.fr\/index.php?rest_route=\/wp\/v2\/posts\/2337","targetHints":{"allow":["GET"]}}],"collection":[{"href":"https:\/\/hautes-alpes-rugby.fr\/index.php?rest_route=\/wp\/v2\/posts"}],"about":[{"href":"https:\/\/hautes-alpes-rugby.fr\/index.php?rest_route=\/wp\/v2\/types\/post"}],"author":[{"embeddable":true,"href":"https:\/\/hautes-alpes-rugby.fr\/index.php?rest_route=\/wp\/v2\/users\/1"}],"replies":[{"embeddable":true,"href":"https:\/\/hautes-alpes-rugby.fr\/index.php?rest_route=%2Fwp%2Fv2%2Fcomments&post=2337"}],"version-history":[{"count":4,"href":"https:\/\/hautes-alpes-rugby.fr\/index.php?rest_route=\/wp\/v2\/posts\/2337\/revisions"}],"predecessor-version":[{"id":2367,"href":"https:\/\/hautes-alpes-rugby.fr\/index.php?rest_route=\/wp\/v2\/posts\/2337\/revisions\/2367"}],"wp:featuredmedia":[{"embeddable":true,"href":"https:\/\/hautes-alpes-rugby.fr\/index.php?rest_route=\/wp\/v2\/media\/2338"}],"wp:attachment":[{"href":"https:\/\/hautes-alpes-rugby.fr\/index.php?rest_route=%2Fwp%2Fv2%2Fmedia&parent=2337"}],"wp:term":[{"taxonomy":"category","embeddable":true,"href":"https:\/\/hautes-alpes-rugby.fr\/index.php?rest_route=%2Fwp%2Fv2%2Fcategories&post=2337"},{"taxonomy":"post_tag","embeddable":true,"href":"https:\/\/hautes-alpes-rugby.fr\/index.php?rest_route=%2Fwp%2Fv2%2Ftags&post=2337"}],"curies":[{"name":"wp","href":"https:\/\/api.w.org\/{rel}","templated":true}]}}