{"id":288,"date":"2019-01-31T10:51:08","date_gmt":"2019-01-31T09:51:08","guid":{"rendered":"http:\/\/hautes-alpes-rugby.fr\/?p=288"},"modified":"2019-06-17T09:34:20","modified_gmt":"2019-06-17T07:34:20","slug":"deuxieme-reunion-pleniere-de-la-commission-scolaire-de-la-ligue","status":"publish","type":"post","link":"https:\/\/hautes-alpes-rugby.fr\/?p=288","title":{"rendered":"Deuxi\u00e8me R\u00e9union pl\u00e9ni\u00e8re de la Commission Scolaire de la Ligue"},"content":{"rendered":"\n<h3 class=\"wp-block-heading\">Dans les locaux de <strong>Provence Rugby<\/strong> le 29 janvier<\/h3>\n\n\n\n<p>Elle a permis de centraliser les productions des sous commissions r\u00e9unies pr\u00e9c\u00e9demment qui s&rsquo;int\u00e9ressaient \u00e0 l&rsquo;organisation de la pratique du Rugby dans les \u00e9tablissements du premier et deuxi\u00e8me degr\u00e9.<\/p>\n\n\n\n<div class=\"wp-block-image\"><figure class=\"aligncenter is-resized\"><img loading=\"lazy\" decoding=\"async\" src=\"https:\/\/hautes-alpes-rugby.fr\/wp-content\/uploads\/2019\/01\/ComScolLig_A.jpg\" alt=\"\" class=\"wp-image-298\" width=\"418\" height=\"309\" srcset=\"https:\/\/hautes-alpes-rugby.fr\/wp-content\/uploads\/2019\/01\/ComScolLig_A.jpg 859w, https:\/\/hautes-alpes-rugby.fr\/wp-content\/uploads\/2019\/01\/ComScolLig_A-300x222.jpg 300w, https:\/\/hautes-alpes-rugby.fr\/wp-content\/uploads\/2019\/01\/ComScolLig_A-768x570.jpg 768w\" sizes=\"auto, (max-width: 418px) 100vw, 418px\" \/><figcaption>photos : <strong>Marie-Pierre AYGLON<\/strong><\/figcaption><\/figure><\/div>\n\n\n\n<p>Apr\u00e8s un dernier rappel des objectifs f\u00e9d\u00e9raux <strong>ECOL&rsquo;OVALE<\/strong>, les responsables des deux sous commissions commentaient le r\u00e9sultat de la r\u00e9flexion de leur groupe de travail. l&rsquo;essentiel du temps \u00e9tait consacr\u00e9 au Deuxi\u00e8me degr\u00e9 o\u00f9 apparaissaient, d\u00e9j\u00e0, certains principes communs concernant les vecteurs de la <strong>formation,&nbsp;<\/strong>le changement n\u00e9cessaire de l<strong>&lsquo;image du Rugby<\/strong> pour le public scolaire et le<strong> financement<\/strong> des actions projet\u00e9es.<\/p>\n\n\n\n<p>Pour le Premier degr\u00e9 il avait rev\u00eatu l&rsquo;aspect d&rsquo;un tableau synoptique qui d\u00e9veloppait sur 4 axes, le projet d&rsquo;action. Les trois premiers axes \u00e9taient compl\u00e9t\u00e9s par celui de l&rsquo;adaptation \u00e0 la <strong>diversit\u00e9 des conditions mat\u00e9rielles<\/strong> des \u00e9coles.<\/p>\n\n\n\n<p>Le projet valid\u00e9 : <\/p>\n\n\n\n<div class=\"wp-block-file\"><a href=\"https:\/\/hautes-alpes-rugby.fr\/wp-content\/uploads\/2019\/02\/PROJET_COMSCOLEP_LIGUE_V_A3.pdf\">PROJET ECOL&rsquo;OVALE EP LIGUE<\/a><a href=\"https:\/\/hautes-alpes-rugby.fr\/wp-content\/uploads\/2019\/02\/PROJET_COMSCOLEP_LIGUE_V_A3.pdf\" class=\"wp-block-file__button\" download>T\u00e9l\u00e9charger<\/a><\/div>\n\n\n\n<div class=\"wp-block-file\"><a href=\"https:\/\/hautes-alpes-rugby.fr\/wp-content\/uploads\/2019\/02\/CR-PLENIERE-ECOLE-OVALE-29.01.2019-Vjmm.pdf\">COMPTE RENDU de la REUNION PLENIERE d&rsquo;AIX<\/a><a href=\"https:\/\/hautes-alpes-rugby.fr\/wp-content\/uploads\/2019\/02\/CR-PLENIERE-ECOLE-OVALE-29.01.2019-Vjmm.pdf\" class=\"wp-block-file__button\" download>T\u00e9l\u00e9charger<\/a><\/div>\n\n\n\n<p><\/p>\n","protected":false},"excerpt":{"rendered":"<p>Dans les locaux de Provence Rugby le 29 janvier Elle a permis de centraliser les productions des sous commissions r\u00e9unies pr\u00e9c\u00e9demment qui s&rsquo;int\u00e9ressaient \u00e0 l&rsquo;organisation de la pratique du Rugby dans les \u00e9tablissements du premier et deuxi\u00e8me degr\u00e9. Apr\u00e8s un dernier rappel des objectifs f\u00e9d\u00e9raux ECOL&rsquo;OVALE, les responsables des deux sous commissions commentaient le r\u00e9sultat &hellip; <a href=\"https:\/\/hautes-alpes-rugby.fr\/?p=288\" class=\"more-link\">Continuer la lecture de <span class=\"screen-reader-text\">Deuxi\u00e8me R\u00e9union pl\u00e9ni\u00e8re de la Commission Scolaire de la Ligue<\/span><\/a><\/p>\n","protected":false},"author":1,"featured_media":289,"comment_status":"open","ping_status":"closed","sticky":false,"template":"","format":"standard","meta":{"footnotes":""},"categories":[5],"tags":[],"class_list":["post-288","post","type-post","status-publish","format-standard","has-post-thumbnail","hentry","category-politique-scolaire"],"_links":{"self":[{"href":"https:\/\/hautes-alpes-rugby.fr\/index.php?rest_route=\/wp\/v2\/posts\/288","targetHints":{"allow":["GET"]}}],"collection":[{"href":"https:\/\/hautes-alpes-rugby.fr\/index.php?rest_route=\/wp\/v2\/posts"}],"about":[{"href":"https:\/\/hautes-alpes-rugby.fr\/index.php?rest_route=\/wp\/v2\/types\/post"}],"author":[{"embeddable":true,"href":"https:\/\/hautes-alpes-rugby.fr\/index.php?rest_route=\/wp\/v2\/users\/1"}],"replies":[{"embeddable":true,"href":"https:\/\/hautes-alpes-rugby.fr\/index.php?rest_route=%2Fwp%2Fv2%2Fcomments&post=288"}],"version-history":[{"count":8,"href":"https:\/\/hautes-alpes-rugby.fr\/index.php?rest_route=\/wp\/v2\/posts\/288\/revisions"}],"predecessor-version":[{"id":323,"href":"https:\/\/hautes-alpes-rugby.fr\/index.php?rest_route=\/wp\/v2\/posts\/288\/revisions\/323"}],"wp:featuredmedia":[{"embeddable":true,"href":"https:\/\/hautes-alpes-rugby.fr\/index.php?rest_route=\/wp\/v2\/media\/289"}],"wp:attachment":[{"href":"https:\/\/hautes-alpes-rugby.fr\/index.php?rest_route=%2Fwp%2Fv2%2Fmedia&parent=288"}],"wp:term":[{"taxonomy":"category","embeddable":true,"href":"https:\/\/hautes-alpes-rugby.fr\/index.php?rest_route=%2Fwp%2Fv2%2Fcategories&post=288"},{"taxonomy":"post_tag","embeddable":true,"href":"https:\/\/hautes-alpes-rugby.fr\/index.php?rest_route=%2Fwp%2Fv2%2Ftags&post=288"}],"curies":[{"name":"wp","href":"https:\/\/api.w.org\/{rel}","templated":true}]}}