{"id":330,"date":"2019-03-07T11:59:50","date_gmt":"2019-03-07T10:59:50","guid":{"rendered":"http:\/\/hautes-alpes-rugby.fr\/?p=330"},"modified":"2019-06-17T09:33:40","modified_gmt":"2019-06-17T07:33:40","slug":"le-comite-se-structure","status":"publish","type":"post","link":"https:\/\/hautes-alpes-rugby.fr\/?p=330","title":{"rendered":"Le Comit\u00e9 05 se structure"},"content":{"rendered":"\n<h2 class=\"wp-block-heading\"><strong>avec sa commission \u00ab\u00a0ECOL&rsquo;OVALE\u00a0\u00bb <\/strong><\/h2>\n\n\n\n<p>La premi\u00e8re r\u00e9union de la commission scolaire d\u00e9partementale s&rsquo;est d\u00e9roul\u00e9e \u00e0 Gap, au Club House du Stade de Fontreyne.  Sa composition a \u00e9t\u00e9 d\u00e9finie, L&rsquo;information sur le Projet \u00ab\u00a0Ecol&rsquo;Ovale\u00a0\u00bb de la Ligue a \u00e9t\u00e9 explicit\u00e9 et comment\u00e9. Le projet d\u00e9partemental int\u00e8grera ses grandes lignes sur son axe d&rsquo;action prioritaire N\u00b02 :<strong> \u00ab\u00a0Relation avec le milieu scolaire\u00a0\u00bb<\/strong><\/p>\n\n\n\n<p>Elle se r\u00e9unira au mois de juin pour proposer un accompagnement des enseignants pour la prochaine rentr\u00e9e avec en perspective, l&rsquo;organisation d&rsquo;une<strong> journ\u00e9e de regroupement d\u00e9partementale sous l&rsquo;\u00e9gide de l&rsquo;USEP<\/strong>  en lien avec l&rsquo;\u00e9v\u00e9nementiel Rugby du moment : Coupe du Monde 2019 ou Jeux Olympiques 2020.<\/p>\n\n\n\n<div class=\"wp-block-file\"><a href=\"https:\/\/hautes-alpes-rugby.fr\/wp-content\/uploads\/2019\/03\/R\u00e9union_Commission_scolaire_2019.pdf\">CR de la r\u00e9union du 6 mars 2019<\/a><a href=\"https:\/\/hautes-alpes-rugby.fr\/wp-content\/uploads\/2019\/03\/R\u00e9union_Commission_scolaire_2019.pdf\" class=\"wp-block-file__button\" download>T\u00e9l\u00e9charger<\/a><\/div>\n\n\n\n<div class=\"wp-block-file\"><a href=\"https:\/\/hautes-alpes-rugby.fr\/wp-content\/uploads\/2019\/03\/Rugbymag_\u00e9colovale.pdf\">Document de travail extrait de Rugbymag N\u00b01179<\/a><a href=\"https:\/\/hautes-alpes-rugby.fr\/wp-content\/uploads\/2019\/03\/Rugbymag_\u00e9colovale.pdf\" class=\"wp-block-file__button\" download>T\u00e9l\u00e9charger<\/a><\/div>\n\n\n\n<div class=\"wp-block-file\"><a href=\"https:\/\/hautes-alpes-rugby.fr\/wp-content\/uploads\/2019\/03\/PROJET-ASSOS_CD05_2019.pdf\">Projet D\u00e9partemental modifi\u00e9 pour 2019<\/a><a href=\"https:\/\/hautes-alpes-rugby.fr\/wp-content\/uploads\/2019\/03\/PROJET-ASSOS_CD05_2019.pdf\" class=\"wp-block-file__button\" download>T\u00e9l\u00e9charger<\/a><\/div>\n\n\n\n<p>Une r\u00e9union \u00ab\u00a0spontan\u00e9e\u00a0\u00bb de la commission scolaire de la Ligue s&rsquo;est d\u00e9roul\u00e9e le <strong>6 avril \u00e0 Marseille<\/strong>. Elle a permis de produire un document \u00e0 profil \u00ab\u00a0PLAN DE DEVELOPPEMENT\u00a0\u00bb. Vos commentaires sont les bienvenus s&rsquo;ils apportent un compl\u00e9ment \u00e0 ce qui avait \u00e9t\u00e9 d\u00e9velopp\u00e9 lors de la r\u00e9union de la commission scolaire d\u00e9partementale le 6 mars.  Il s&rsquo;agit d&rsquo;alimenter les \u00ab\u00a0points de conventionnement\u00a0\u00bb de la f\u00e9d\u00e9ration avec les institutions scolaires.<\/p>\n\n\n\n<div class=\"wp-block-file\"><a href=\"https:\/\/hautes-alpes-rugby.fr\/wp-content\/uploads\/2019\/04\/POS-Enjeux-Ligue-SUD-EcolOvale-08-avril-2019.pdf\">POS Enjeux Ligue SUD Ecol&rsquo;Ovale 08 avril 2019<\/a><a href=\"https:\/\/hautes-alpes-rugby.fr\/wp-content\/uploads\/2019\/04\/POS-Enjeux-Ligue-SUD-EcolOvale-08-avril-2019.pdf\" class=\"wp-block-file__button\" download>T\u00e9l\u00e9charger<\/a><\/div>\n\n\n\n<p><\/p>\n","protected":false},"excerpt":{"rendered":"<p>avec sa commission \u00ab\u00a0ECOL&rsquo;OVALE\u00a0\u00bb La premi\u00e8re r\u00e9union de la commission scolaire d\u00e9partementale s&rsquo;est d\u00e9roul\u00e9e \u00e0 Gap, au Club House du Stade de Fontreyne. Sa composition a \u00e9t\u00e9 d\u00e9finie, L&rsquo;information sur le Projet \u00ab\u00a0Ecol&rsquo;Ovale\u00a0\u00bb de la Ligue a \u00e9t\u00e9 explicit\u00e9 et comment\u00e9. Le projet d\u00e9partemental int\u00e8grera ses grandes lignes sur son axe d&rsquo;action prioritaire N\u00b02 : &hellip; <a href=\"https:\/\/hautes-alpes-rugby.fr\/?p=330\" class=\"more-link\">Continuer la lecture de <span class=\"screen-reader-text\">Le Comit\u00e9 05 se structure<\/span><\/a><\/p>\n","protected":false},"author":1,"featured_media":332,"comment_status":"open","ping_status":"closed","sticky":false,"template":"","format":"standard","meta":{"footnotes":""},"categories":[5],"tags":[],"class_list":["post-330","post","type-post","status-publish","format-standard","has-post-thumbnail","hentry","category-politique-scolaire"],"_links":{"self":[{"href":"https:\/\/hautes-alpes-rugby.fr\/index.php?rest_route=\/wp\/v2\/posts\/330","targetHints":{"allow":["GET"]}}],"collection":[{"href":"https:\/\/hautes-alpes-rugby.fr\/index.php?rest_route=\/wp\/v2\/posts"}],"about":[{"href":"https:\/\/hautes-alpes-rugby.fr\/index.php?rest_route=\/wp\/v2\/types\/post"}],"author":[{"embeddable":true,"href":"https:\/\/hautes-alpes-rugby.fr\/index.php?rest_route=\/wp\/v2\/users\/1"}],"replies":[{"embeddable":true,"href":"https:\/\/hautes-alpes-rugby.fr\/index.php?rest_route=%2Fwp%2Fv2%2Fcomments&post=330"}],"version-history":[{"count":7,"href":"https:\/\/hautes-alpes-rugby.fr\/index.php?rest_route=\/wp\/v2\/posts\/330\/revisions"}],"predecessor-version":[{"id":360,"href":"https:\/\/hautes-alpes-rugby.fr\/index.php?rest_route=\/wp\/v2\/posts\/330\/revisions\/360"}],"wp:featuredmedia":[{"embeddable":true,"href":"https:\/\/hautes-alpes-rugby.fr\/index.php?rest_route=\/wp\/v2\/media\/332"}],"wp:attachment":[{"href":"https:\/\/hautes-alpes-rugby.fr\/index.php?rest_route=%2Fwp%2Fv2%2Fmedia&parent=330"}],"wp:term":[{"taxonomy":"category","embeddable":true,"href":"https:\/\/hautes-alpes-rugby.fr\/index.php?rest_route=%2Fwp%2Fv2%2Fcategories&post=330"},{"taxonomy":"post_tag","embeddable":true,"href":"https:\/\/hautes-alpes-rugby.fr\/index.php?rest_route=%2Fwp%2Fv2%2Ftags&post=330"}],"curies":[{"name":"wp","href":"https:\/\/api.w.org\/{rel}","templated":true}]}}