{"id":542,"date":"2019-07-02T18:33:57","date_gmt":"2019-07-02T16:33:57","guid":{"rendered":"http:\/\/hautes-alpes-rugby.fr\/?p=542"},"modified":"2019-08-01T19:17:17","modified_gmt":"2019-08-01T17:17:17","slug":"regroupement-decoles-a-gap","status":"publish","type":"post","link":"https:\/\/hautes-alpes-rugby.fr\/?p=542","title":{"rendered":"Regroupement d&rsquo;\u00e9coles \u00e0 Gap"},"content":{"rendered":"\n<h2 class=\"wp-block-heading\">Au Stade Bayard fra\u00eechement tondu. <\/h2>\n\n\n\n<p>Deux \u00e9coles de Gap, ont r\u00e9pondu pr\u00e9sent malgr\u00e9 la concurrence d&rsquo;autres activit\u00e9s en cette fin d&rsquo;ann\u00e9e scolaire, \u00e0 l&rsquo;appel de \u00ab\u00a0Houari\u00a0\u00bb pour une rencontre sur le th\u00e8me de l&rsquo;Ovalie. Le Comit\u00e9 D\u00e9partemental \u00e9tait repr\u00e9sent\u00e9 par son Pr\u00e9sident et son Secr\u00e9taire. Le pr\u00e9sident de l&rsquo;OMS repr\u00e9sentait la ville de Gap. Le Club local avait d\u00e9l\u00e9gu\u00e9 trois \u00e9ducateurs pour encadrer les rencontres. Le Conseiller P\u00e9dagogique D\u00e9partemental compl\u00e9tait l&rsquo;encadrement et s&rsquo;assurait que tout se passait dans le respect des termes de la convention qui lie la structure f\u00e9d\u00e9rale et la structure scolaire.<\/p>\n\n\n\n<figure class=\"wp-block-image is-resized\"><img loading=\"lazy\" decoding=\"async\" src=\"https:\/\/hautes-alpes-rugby.fr\/wp-content\/uploads\/2019\/07\/Fin_rencontres-1024x625.jpg\" alt=\"\" class=\"wp-image-545\" width=\"489\" height=\"298\" srcset=\"https:\/\/hautes-alpes-rugby.fr\/wp-content\/uploads\/2019\/07\/Fin_rencontres-1024x625.jpg 1024w, https:\/\/hautes-alpes-rugby.fr\/wp-content\/uploads\/2019\/07\/Fin_rencontres-300x183.jpg 300w, https:\/\/hautes-alpes-rugby.fr\/wp-content\/uploads\/2019\/07\/Fin_rencontres-768x469.jpg 768w, https:\/\/hautes-alpes-rugby.fr\/wp-content\/uploads\/2019\/07\/Fin_rencontres.jpg 1110w\" sizes=\"auto, (max-width: 489px) 100vw, 489px\" \/><figcaption>16h00 : fin des rencontre, rassemblement du mat\u00e9riel en attendant l&rsquo;ombre &#8230;<\/figcaption><\/figure>\n\n\n\n<div class=\"wp-block-image\"><figure class=\"aligncenter is-resized\"><img loading=\"lazy\" decoding=\"async\" src=\"https:\/\/hautes-alpes-rugby.fr\/wp-content\/uploads\/2019\/07\/Regroupement.jpg\" alt=\"\" class=\"wp-image-546\" width=\"496\" height=\"318\" srcset=\"https:\/\/hautes-alpes-rugby.fr\/wp-content\/uploads\/2019\/07\/Regroupement.jpg 895w, https:\/\/hautes-alpes-rugby.fr\/wp-content\/uploads\/2019\/07\/Regroupement-300x192.jpg 300w, https:\/\/hautes-alpes-rugby.fr\/wp-content\/uploads\/2019\/07\/Regroupement-768x493.jpg 768w\" sizes=\"auto, (max-width: 496px) 100vw, 496px\" \/><figcaption>&#8230; pour la photo du \u00ab\u00a0Dauphin\u00e9 Lib\u00e9r\u00e9\u00a0\u00bb. \u00ab\u00a0<strong>Paul Emile Victor<\/strong>\u00a0\u00bb pose, \u00ab\u00a0<strong>la Gare<\/strong>\u00a0\u00bb se pr\u00e9pare en attendant la remise des coupes.<\/figcaption><\/figure><\/div>\n\n\n\n<div class=\"wp-block-file\"><a href=\"https:\/\/hautes-alpes-rugby.fr\/wp-content\/uploads\/2019\/08\/Ecoles-primaires-Gap.pdf\">Le compte-rendu de Jean ARCE MENSO<\/a><a href=\"https:\/\/hautes-alpes-rugby.fr\/wp-content\/uploads\/2019\/08\/Ecoles-primaires-Gap.pdf\" class=\"wp-block-file__button\" download>T\u00e9l\u00e9charger<\/a><\/div>\n\n\n","protected":false},"excerpt":{"rendered":"<p>Au Stade Bayard fra\u00eechement tondu. Deux \u00e9coles de Gap, ont r\u00e9pondu pr\u00e9sent malgr\u00e9 la concurrence d&rsquo;autres activit\u00e9s en cette fin d&rsquo;ann\u00e9e scolaire, \u00e0 l&rsquo;appel de \u00ab\u00a0Houari\u00a0\u00bb pour une rencontre sur le th\u00e8me de l&rsquo;Ovalie. Le Comit\u00e9 D\u00e9partemental \u00e9tait repr\u00e9sent\u00e9 par son Pr\u00e9sident et son Secr\u00e9taire. Le pr\u00e9sident de l&rsquo;OMS repr\u00e9sentait la ville de Gap. Le &hellip; <a href=\"https:\/\/hautes-alpes-rugby.fr\/?p=542\" class=\"more-link\">Continuer la lecture de <span class=\"screen-reader-text\">Regroupement d&rsquo;\u00e9coles \u00e0 Gap<\/span><\/a><\/p>\n","protected":false},"author":1,"featured_media":543,"comment_status":"open","ping_status":"closed","sticky":false,"template":"","format":"standard","meta":{"footnotes":""},"categories":[5],"tags":[],"class_list":["post-542","post","type-post","status-publish","format-standard","has-post-thumbnail","hentry","category-politique-scolaire"],"_links":{"self":[{"href":"https:\/\/hautes-alpes-rugby.fr\/index.php?rest_route=\/wp\/v2\/posts\/542","targetHints":{"allow":["GET"]}}],"collection":[{"href":"https:\/\/hautes-alpes-rugby.fr\/index.php?rest_route=\/wp\/v2\/posts"}],"about":[{"href":"https:\/\/hautes-alpes-rugby.fr\/index.php?rest_route=\/wp\/v2\/types\/post"}],"author":[{"embeddable":true,"href":"https:\/\/hautes-alpes-rugby.fr\/index.php?rest_route=\/wp\/v2\/users\/1"}],"replies":[{"embeddable":true,"href":"https:\/\/hautes-alpes-rugby.fr\/index.php?rest_route=%2Fwp%2Fv2%2Fcomments&post=542"}],"version-history":[{"count":7,"href":"https:\/\/hautes-alpes-rugby.fr\/index.php?rest_route=\/wp\/v2\/posts\/542\/revisions"}],"predecessor-version":[{"id":692,"href":"https:\/\/hautes-alpes-rugby.fr\/index.php?rest_route=\/wp\/v2\/posts\/542\/revisions\/692"}],"wp:featuredmedia":[{"embeddable":true,"href":"https:\/\/hautes-alpes-rugby.fr\/index.php?rest_route=\/wp\/v2\/media\/543"}],"wp:attachment":[{"href":"https:\/\/hautes-alpes-rugby.fr\/index.php?rest_route=%2Fwp%2Fv2%2Fmedia&parent=542"}],"wp:term":[{"taxonomy":"category","embeddable":true,"href":"https:\/\/hautes-alpes-rugby.fr\/index.php?rest_route=%2Fwp%2Fv2%2Fcategories&post=542"},{"taxonomy":"post_tag","embeddable":true,"href":"https:\/\/hautes-alpes-rugby.fr\/index.php?rest_route=%2Fwp%2Fv2%2Ftags&post=542"}],"curies":[{"name":"wp","href":"https:\/\/api.w.org\/{rel}","templated":true}]}}