{"id":799,"date":"2020-02-06T11:13:07","date_gmt":"2020-02-06T10:13:07","guid":{"rendered":"http:\/\/hautes-alpes-rugby.fr\/?p=799"},"modified":"2020-02-06T11:26:43","modified_gmt":"2020-02-06T10:26:43","slug":"les-cadres-de-la-ligue","status":"publish","type":"post","link":"https:\/\/hautes-alpes-rugby.fr\/?p=799","title":{"rendered":"Les cadres de la Ligue &#8230;"},"content":{"rendered":"\n<h2 class=\"wp-block-heading\">en visite \u00ab\u00a0structuration\u00a0\u00bb dans le d\u00e9partement.<\/h2>\n\n\n\n<p>Olivier LIEVREMONT, Directeur Technique et Marcel MONSERIE, Vice Pr\u00e9sident responsable du p\u00f4le Sportif sont venus prendre contact avec les membres actifs du Comit\u00e9 D\u00e9partemental pour les informer du dispositif structurel mis en place par la Ligue PACA de Rugby.<\/p>\n\n\n\n<figure class=\"wp-block-image size-large\"><img loading=\"lazy\" decoding=\"async\" width=\"865\" height=\"500\" src=\"https:\/\/hautes-alpes-rugby.fr\/wp-content\/uploads\/2020\/02\/r\u00e9union.jpg\" alt=\"\" class=\"wp-image-801\" srcset=\"https:\/\/hautes-alpes-rugby.fr\/wp-content\/uploads\/2020\/02\/r\u00e9union.jpg 865w, https:\/\/hautes-alpes-rugby.fr\/wp-content\/uploads\/2020\/02\/r\u00e9union-300x173.jpg 300w, https:\/\/hautes-alpes-rugby.fr\/wp-content\/uploads\/2020\/02\/r\u00e9union-768x444.jpg 768w\" sizes=\"auto, (max-width: 865px) 100vw, 865px\" \/><figcaption>Ils sont entour\u00e9s par le bureau directeur du comit\u00e9, les pr\u00e9sidents des clubs et les cadres techniques du d\u00e9partement dans un vestiaire bien chauff\u00e9 du Stade de Fontreyne.<\/figcaption><\/figure>\n","protected":false},"excerpt":{"rendered":"<p>en visite \u00ab\u00a0structuration\u00a0\u00bb dans le d\u00e9partement. Olivier LIEVREMONT, Directeur Technique et Marcel MONSERIE, Vice Pr\u00e9sident responsable du p\u00f4le Sportif sont venus prendre contact avec les membres actifs du Comit\u00e9 D\u00e9partemental pour les informer du dispositif structurel mis en place par la Ligue PACA de Rugby.<\/p>\n","protected":false},"author":1,"featured_media":800,"comment_status":"open","ping_status":"closed","sticky":false,"template":"","format":"standard","meta":{"footnotes":""},"categories":[4,5,6],"tags":[],"class_list":["post-799","post","type-post","status-publish","format-standard","has-post-thumbnail","hentry","category-evenementiel","category-politique-scolaire","category-vie-statutaire"],"_links":{"self":[{"href":"https:\/\/hautes-alpes-rugby.fr\/index.php?rest_route=\/wp\/v2\/posts\/799","targetHints":{"allow":["GET"]}}],"collection":[{"href":"https:\/\/hautes-alpes-rugby.fr\/index.php?rest_route=\/wp\/v2\/posts"}],"about":[{"href":"https:\/\/hautes-alpes-rugby.fr\/index.php?rest_route=\/wp\/v2\/types\/post"}],"author":[{"embeddable":true,"href":"https:\/\/hautes-alpes-rugby.fr\/index.php?rest_route=\/wp\/v2\/users\/1"}],"replies":[{"embeddable":true,"href":"https:\/\/hautes-alpes-rugby.fr\/index.php?rest_route=%2Fwp%2Fv2%2Fcomments&post=799"}],"version-history":[{"count":1,"href":"https:\/\/hautes-alpes-rugby.fr\/index.php?rest_route=\/wp\/v2\/posts\/799\/revisions"}],"predecessor-version":[{"id":802,"href":"https:\/\/hautes-alpes-rugby.fr\/index.php?rest_route=\/wp\/v2\/posts\/799\/revisions\/802"}],"wp:featuredmedia":[{"embeddable":true,"href":"https:\/\/hautes-alpes-rugby.fr\/index.php?rest_route=\/wp\/v2\/media\/800"}],"wp:attachment":[{"href":"https:\/\/hautes-alpes-rugby.fr\/index.php?rest_route=%2Fwp%2Fv2%2Fmedia&parent=799"}],"wp:term":[{"taxonomy":"category","embeddable":true,"href":"https:\/\/hautes-alpes-rugby.fr\/index.php?rest_route=%2Fwp%2Fv2%2Fcategories&post=799"},{"taxonomy":"post_tag","embeddable":true,"href":"https:\/\/hautes-alpes-rugby.fr\/index.php?rest_route=%2Fwp%2Fv2%2Ftags&post=799"}],"curies":[{"name":"wp","href":"https:\/\/api.w.org\/{rel}","templated":true}]}}