{"id":961,"date":"2021-01-22T11:04:36","date_gmt":"2021-01-22T10:04:36","guid":{"rendered":"http:\/\/hautes-alpes-rugby.fr\/?p=961"},"modified":"2021-01-22T15:16:45","modified_gmt":"2021-01-22T14:16:45","slug":"lassemblee-generale-elective-du-comite","status":"publish","type":"post","link":"https:\/\/hautes-alpes-rugby.fr\/?p=961","title":{"rendered":"L&rsquo;Assembl\u00e9e G\u00e9n\u00e9rale Elective du comit\u00e9 &#8230;"},"content":{"rendered":"\n<h2 class=\"wp-block-heading\">s&rsquo;est tenue en \u00ab\u00a0formule mixte\u00a0\u00bb \u00e0 Embrun<\/h2>\n\n\n\n<p>Les quatre clubs du d\u00e9partement \u00e9taient repr\u00e9sent\u00e9s en pr\u00e9sentiel : Eric GELEY (Brian\u00e7on), Nadia MOREAU (Queyras) Pascal ELIAS (Embrun) Jean-Marc BURLE (Gap). Ils \u00e9taient accompagn\u00e9s par G\u00e9rard MASSE, pr\u00e9sident sortant et S\u00e9bastien RIZZA, repr\u00e9sentant la Ligue et organisateur de la visioconf\u00e9rence.<\/p>\n\n\n\n<p>Apr\u00e8s une longue introduction de<strong> Henri MONDINO<\/strong> appuyant de tous ses v\u0153ux la nouvelle structure d\u00e9partementale et lui assurant le soutien total de la Ligue et de la f\u00e9d\u00e9ration, G\u00e9rard MASSE prend en charge l&rsquo;organisation du vote.<\/p>\n\n\n\n<p>La liste pr\u00e9sent\u00e9e par Eric GELEY est \u00e9lue \u00e0 l&rsquo;<strong>unanimit\u00e9<\/strong> des 12 suffrages exprim\u00e9s.<\/p>\n\n\n\n<div class=\"wp-block-file\"><a href=\"https:\/\/hautes-alpes-rugby.fr\/wp-content\/uploads\/2021\/01\/Liste_elus_21_01_21-1.pdf\">Liste des \u00e9lus le 21 janvier 2021<\/a><a href=\"https:\/\/hautes-alpes-rugby.fr\/wp-content\/uploads\/2021\/01\/Liste_elus_21_01_21-1.pdf\" class=\"wp-block-file__button\" download>T\u00e9l\u00e9charger<\/a><\/div>\n\n\n\n<p>Sous quinzaine, une r\u00e9union sera organis\u00e9e dans une salle aux dimensions n\u00e9cessaires pour assurer la distanciation des 12 membres du Comit\u00e9 D\u00e9partemental en vue de d\u00e9signer officiellement son <strong>Comit\u00e9 Directeur<\/strong> et son <strong>Bureau Directeur<\/strong>. <\/p>\n\n\n\n<h3 class=\"wp-block-heading\"><strong><em>\u00ab\u00a0Bon courage\u00a0\u00bb<\/em> <\/strong><\/h3>\n\n\n\n<p>Conclue Henri MONDINO \u00e0 l&rsquo;issue de cette Assembl\u00e9e G\u00e9n\u00e9rale bien atypique.<\/p>\n\n\n\n<p>Chacun saura interpr\u00e9ter cette expression !<\/p>\n","protected":false},"excerpt":{"rendered":"<p>s&rsquo;est tenue en \u00ab\u00a0formule mixte\u00a0\u00bb \u00e0 Embrun Les quatre clubs du d\u00e9partement \u00e9taient repr\u00e9sent\u00e9s en pr\u00e9sentiel : Eric GELEY (Brian\u00e7on), Nadia MOREAU (Queyras) Pascal ELIAS (Embrun) Jean-Marc BURLE (Gap). Ils \u00e9taient accompagn\u00e9s par G\u00e9rard MASSE, pr\u00e9sident sortant et S\u00e9bastien RIZZA, repr\u00e9sentant la Ligue et organisateur de la visioconf\u00e9rence. Apr\u00e8s une longue introduction de Henri MONDINO &hellip; <a href=\"https:\/\/hautes-alpes-rugby.fr\/?p=961\" class=\"more-link\">Continuer la lecture de <span class=\"screen-reader-text\">L&rsquo;Assembl\u00e9e G\u00e9n\u00e9rale Elective du comit\u00e9 &#8230;<\/span><\/a><\/p>\n","protected":false},"author":1,"featured_media":962,"comment_status":"open","ping_status":"closed","sticky":false,"template":"","format":"standard","meta":{"footnotes":""},"categories":[6],"tags":[],"class_list":["post-961","post","type-post","status-publish","format-standard","has-post-thumbnail","hentry","category-vie-statutaire"],"_links":{"self":[{"href":"https:\/\/hautes-alpes-rugby.fr\/index.php?rest_route=\/wp\/v2\/posts\/961","targetHints":{"allow":["GET"]}}],"collection":[{"href":"https:\/\/hautes-alpes-rugby.fr\/index.php?rest_route=\/wp\/v2\/posts"}],"about":[{"href":"https:\/\/hautes-alpes-rugby.fr\/index.php?rest_route=\/wp\/v2\/types\/post"}],"author":[{"embeddable":true,"href":"https:\/\/hautes-alpes-rugby.fr\/index.php?rest_route=\/wp\/v2\/users\/1"}],"replies":[{"embeddable":true,"href":"https:\/\/hautes-alpes-rugby.fr\/index.php?rest_route=%2Fwp%2Fv2%2Fcomments&post=961"}],"version-history":[{"count":4,"href":"https:\/\/hautes-alpes-rugby.fr\/index.php?rest_route=\/wp\/v2\/posts\/961\/revisions"}],"predecessor-version":[{"id":970,"href":"https:\/\/hautes-alpes-rugby.fr\/index.php?rest_route=\/wp\/v2\/posts\/961\/revisions\/970"}],"wp:featuredmedia":[{"embeddable":true,"href":"https:\/\/hautes-alpes-rugby.fr\/index.php?rest_route=\/wp\/v2\/media\/962"}],"wp:attachment":[{"href":"https:\/\/hautes-alpes-rugby.fr\/index.php?rest_route=%2Fwp%2Fv2%2Fmedia&parent=961"}],"wp:term":[{"taxonomy":"category","embeddable":true,"href":"https:\/\/hautes-alpes-rugby.fr\/index.php?rest_route=%2Fwp%2Fv2%2Fcategories&post=961"},{"taxonomy":"post_tag","embeddable":true,"href":"https:\/\/hautes-alpes-rugby.fr\/index.php?rest_route=%2Fwp%2Fv2%2Ftags&post=961"}],"curies":[{"name":"wp","href":"https:\/\/api.w.org\/{rel}","templated":true}]}}