{"id":994,"date":"2021-02-14T11:48:38","date_gmt":"2021-02-14T10:48:38","guid":{"rendered":"http:\/\/hautes-alpes-rugby.fr\/?p=994"},"modified":"2021-03-03T10:54:50","modified_gmt":"2021-03-03T09:54:50","slug":"le-bureau-directeur-du-comite-05","status":"publish","type":"post","link":"https:\/\/hautes-alpes-rugby.fr\/?p=994","title":{"rendered":"Le Bureau Directeur du comit\u00e9 05 &#8230;"},"content":{"rendered":"\n<h2 class=\"wp-block-heading\">a \u00e9t\u00e9 d\u00e9sign\u00e9 officiellement \u00e0 Embrun en r\u00e9union pl\u00e9ni\u00e8re du Comit\u00e9 Directeur.<\/h2>\n\n\n\n<p>Les d\u00e9lais ont \u00e9t\u00e9 respect\u00e9s pour organiser les \u00e9lections, \u00ab\u00a0en pr\u00e9sentiel\u00a0\u00bb, des membres du <strong>Bureau Directeur du Comit\u00e9 D\u00e9partemental de RUGBY des Hautes Alpes<\/strong>.<\/p>\n\n\n\n<p>Ont \u00e9t\u00e9 \u00e9lus \u00e0 l&rsquo;unanimit\u00e9 des 10 membres pr\u00e9sents ou repr\u00e9sent\u00e9s.<\/p>\n\n\n\n<p><strong>Eric GELEY<\/strong> : Pr\u00e9sident<\/p>\n\n\n\n<p><strong>V\u00e9ronique REYNIER<\/strong> : Tr\u00e9sori\u00e8re<\/p>\n\n\n\n<p><strong>Jean-Marc BURLE<\/strong> : Secr\u00e9taire et Responsable de la commission \u00ab\u00a0Ecol&rsquo;Ovale\u00a0\u00bb<\/p>\n\n\n\n<p><strong>Fran\u00e7is MEYER<\/strong> : Vice Pr\u00e9sident<\/p>\n\n\n\n<p><strong>Lo\u00efc PONS<\/strong> : Secr\u00e9taire Adjont<\/p>\n\n\n\n<p><strong>Fran\u00e7ois GUGUEN-PRAS<\/strong> : Tr\u00e9sorier Adjoint<\/p>\n\n\n\n<p><strong>Pascal ELIAS<\/strong> : Repr\u00e9sentant du RC EMBRUN<\/p>\n\n\n\n<p>Tous les clubs sont repr\u00e9sent\u00e9s en si\u00e8geront au sein de cet <strong>organe d\u00e9cisionnaire<\/strong> d\u00e9partemental.<\/p>\n\n\n\n<div class=\"wp-block-file\"><a href=\"https:\/\/hautes-alpes-rugby.fr\/wp-content\/uploads\/2021\/02\/Bureau_Directeur_2021.pdf\">Composition du Bureau Directeur<\/a><a href=\"https:\/\/hautes-alpes-rugby.fr\/wp-content\/uploads\/2021\/02\/Bureau_Directeur_2021.pdf\" class=\"wp-block-file__button\" download>T\u00e9l\u00e9charger<\/a><\/div>\n\n\n\n<p>La prochaine r\u00e9union aura lieu d\u00e9but avril. Un <strong>si\u00e8ge officiel<\/strong> pour le comit\u00e9 est recherch\u00e9 \u00e0 Embrun ou ses environs. Son adresse sera communiqu\u00e9e aux instances f\u00e9d\u00e9rales et en pr\u00e9fecture des Hautes Alpes. Des pr\u00e9cisions seront recherch\u00e9es pour permettre ou non la <strong>r\u00e9mun\u00e9ration d&rsquo;un membre du Comit\u00e9 Directeur<\/strong> pour des actions d&rsquo;encadrement de l&rsquo;activit\u00e9 sportive.<\/p>\n\n\n\n<div class=\"wp-block-file\"><a href=\"https:\/\/hautes-alpes-rugby.fr\/wp-content\/uploads\/2021\/02\/CR_AG_Elective_2021.pdf\">Les deux temps de l&rsquo;AG Elective 2021<\/a><a href=\"https:\/\/hautes-alpes-rugby.fr\/wp-content\/uploads\/2021\/02\/CR_AG_Elective_2021.pdf\" class=\"wp-block-file__button\" download>T\u00e9l\u00e9charger<\/a><\/div>\n\n\n\n<div class=\"wp-block-file\"><a href=\"https:\/\/hautes-alpes-rugby.fr\/wp-content\/uploads\/2021\/03\/Eric_Geley_DL_01_03_21.pdf\">Eric Geley pr\u00e9cise son projet dans la presse <\/a><a href=\"https:\/\/hautes-alpes-rugby.fr\/wp-content\/uploads\/2021\/03\/Eric_Geley_DL_01_03_21.pdf\" class=\"wp-block-file__button\" download>T\u00e9l\u00e9charger<\/a><\/div>\n\n\n\n<p><\/p>\n","protected":false},"excerpt":{"rendered":"<p>a \u00e9t\u00e9 d\u00e9sign\u00e9 officiellement \u00e0 Embrun en r\u00e9union pl\u00e9ni\u00e8re du Comit\u00e9 Directeur. Les d\u00e9lais ont \u00e9t\u00e9 respect\u00e9s pour organiser les \u00e9lections, \u00ab\u00a0en pr\u00e9sentiel\u00a0\u00bb, des membres du Bureau Directeur du Comit\u00e9 D\u00e9partemental de RUGBY des Hautes Alpes. Ont \u00e9t\u00e9 \u00e9lus \u00e0 l&rsquo;unanimit\u00e9 des 10 membres pr\u00e9sents ou repr\u00e9sent\u00e9s. Eric GELEY : Pr\u00e9sident V\u00e9ronique REYNIER : Tr\u00e9sori\u00e8re &hellip; <a href=\"https:\/\/hautes-alpes-rugby.fr\/?p=994\" class=\"more-link\">Continuer la lecture de <span class=\"screen-reader-text\">Le Bureau Directeur du comit\u00e9 05 &#8230;<\/span><\/a><\/p>\n","protected":false},"author":1,"featured_media":995,"comment_status":"open","ping_status":"closed","sticky":false,"template":"","format":"standard","meta":{"footnotes":""},"categories":[6],"tags":[],"class_list":["post-994","post","type-post","status-publish","format-standard","has-post-thumbnail","hentry","category-vie-statutaire"],"_links":{"self":[{"href":"https:\/\/hautes-alpes-rugby.fr\/index.php?rest_route=\/wp\/v2\/posts\/994","targetHints":{"allow":["GET"]}}],"collection":[{"href":"https:\/\/hautes-alpes-rugby.fr\/index.php?rest_route=\/wp\/v2\/posts"}],"about":[{"href":"https:\/\/hautes-alpes-rugby.fr\/index.php?rest_route=\/wp\/v2\/types\/post"}],"author":[{"embeddable":true,"href":"https:\/\/hautes-alpes-rugby.fr\/index.php?rest_route=\/wp\/v2\/users\/1"}],"replies":[{"embeddable":true,"href":"https:\/\/hautes-alpes-rugby.fr\/index.php?rest_route=%2Fwp%2Fv2%2Fcomments&post=994"}],"version-history":[{"count":7,"href":"https:\/\/hautes-alpes-rugby.fr\/index.php?rest_route=\/wp\/v2\/posts\/994\/revisions"}],"predecessor-version":[{"id":1014,"href":"https:\/\/hautes-alpes-rugby.fr\/index.php?rest_route=\/wp\/v2\/posts\/994\/revisions\/1014"}],"wp:featuredmedia":[{"embeddable":true,"href":"https:\/\/hautes-alpes-rugby.fr\/index.php?rest_route=\/wp\/v2\/media\/995"}],"wp:attachment":[{"href":"https:\/\/hautes-alpes-rugby.fr\/index.php?rest_route=%2Fwp%2Fv2%2Fmedia&parent=994"}],"wp:term":[{"taxonomy":"category","embeddable":true,"href":"https:\/\/hautes-alpes-rugby.fr\/index.php?rest_route=%2Fwp%2Fv2%2Fcategories&post=994"},{"taxonomy":"post_tag","embeddable":true,"href":"https:\/\/hautes-alpes-rugby.fr\/index.php?rest_route=%2Fwp%2Fv2%2Ftags&post=994"}],"curies":[{"name":"wp","href":"https:\/\/api.w.org\/{rel}","templated":true}]}}